{"id":524,"date":"2026-07-14T23:01:20","date_gmt":"2026-07-15T02:01:20","guid":{"rendered":"https:\/\/projetos.ufpr.br\/exparta\/?p=524"},"modified":"2026-07-14T23:02:27","modified_gmt":"2026-07-15T02:02:27","slug":"etica-e-gestao-profissional","status":"publish","type":"post","link":"https:\/\/projetos.ufpr.br\/exparta\/etica-e-gestao-profissional\/","title":{"rendered":"\u00c9tica e Gest\u00e3o Profissional"},"content":{"rendered":"\n<p class=\"wp-block-paragraph\">Vivemos em um tempo marcado por excesso de informa\u00e7\u00e3o e escassez de dire\u00e7\u00e3o. Por isso, formar l\u00edderes com prop\u00f3sito, car\u00e1ter e responsabilidade nunca foi t\u00e3o necess\u00e1rio.<\/p>\n\n\n\n<p class=\"wp-block-paragraph\">Neste curso, voc\u00ea vai desenvolver n\u00e3o apenas habilidades profissionais, mas uma base s\u00f3lida para tomar decis\u00f5es conscientes, agir com m\u00e9todo e construir resultados com excel\u00eancia.<br><br><a href=\"https:\/\/forms.cloud.microsoft\/Pages\/ResponsePage.aspx?id=ozd7w-Lp-UK8Z0ubc44d8LnEPwaIRMBNnOwQGt9AKINURERQUVo1TjZTR05KRExKUFhKUkFWT1NQSC4u\" target=\"_blank\" rel=\"noreferrer noopener\">Clique aqui para se inscrever<\/a><\/p>\n\n\n\n<p class=\"wp-block-paragraph\"><\/p>\n","protected":false},"excerpt":{"rendered":"<p>Curso de \u00e9tica e gest\u00e3o de pessoas<\/p>\n","protected":false},"author":182,"featured_media":525,"comment_status":"closed","ping_status":"","sticky":false,"template":"","format":"standard","meta":{"footnotes":""},"categories":[21],"tags":[17],"class_list":["post-524","post","type-post","status-publish","format-standard","has-post-thumbnail","hentry","category-curso-2","tag-curso"],"_links":{"self":[{"href":"https:\/\/projetos.ufpr.br\/exparta\/wp-json\/wp\/v2\/posts\/524","targetHints":{"allow":["GET"]}}],"collection":[{"href":"https:\/\/projetos.ufpr.br\/exparta\/wp-json\/wp\/v2\/posts"}],"about":[{"href":"https:\/\/projetos.ufpr.br\/exparta\/wp-json\/wp\/v2\/types\/post"}],"author":[{"embeddable":true,"href":"https:\/\/projetos.ufpr.br\/exparta\/wp-json\/wp\/v2\/users\/182"}],"replies":[{"embeddable":true,"href":"https:\/\/projetos.ufpr.br\/exparta\/wp-json\/wp\/v2\/comments?post=524"}],"version-history":[{"count":2,"href":"https:\/\/projetos.ufpr.br\/exparta\/wp-json\/wp\/v2\/posts\/524\/revisions"}],"predecessor-version":[{"id":529,"href":"https:\/\/projetos.ufpr.br\/exparta\/wp-json\/wp\/v2\/posts\/524\/revisions\/529"}],"wp:featuredmedia":[{"embeddable":true,"href":"https:\/\/projetos.ufpr.br\/exparta\/wp-json\/wp\/v2\/media\/525"}],"wp:attachment":[{"href":"https:\/\/projetos.ufpr.br\/exparta\/wp-json\/wp\/v2\/media?parent=524"}],"wp:term":[{"taxonomy":"category","embeddable":true,"href":"https:\/\/projetos.ufpr.br\/exparta\/wp-json\/wp\/v2\/categories?post=524"},{"taxonomy":"post_tag","embeddable":true,"href":"https:\/\/projetos.ufpr.br\/exparta\/wp-json\/wp\/v2\/tags?post=524"}],"curies":[{"name":"wp","href":"https:\/\/api.w.org\/{rel}","templated":true}]}}