{"id":667,"date":"2026-07-14T09:04:59","date_gmt":"2026-07-14T12:04:59","guid":{"rendered":"https:\/\/projetos.ufpr.br\/gestex\/?p=667"},"modified":"2026-07-14T09:07:52","modified_gmt":"2026-07-14T12:07:52","slug":"teoria-e-pratica-de-mercado","status":"publish","type":"post","link":"https:\/\/projetos.ufpr.br\/gestex\/2026\/07\/14\/teoria-e-pratica-de-mercado\/","title":{"rendered":"Teoria e Pr\u00e1tica de Mercado"},"content":{"rendered":"\n<h1 class=\"wp-block-heading\">\ud83d\ude80Inscreva-se no Laborat\u00f3rio Extensionista de Implementa\u00e7\u00e3o e Controle Estrat\u00e9gicos!<\/h1>\n\n\n\n<p class=\"wp-block-paragraph\">Voc\u00ea, estudante de <strong>Administra\u00e7\u00e3o da UFPR<\/strong>, est\u00e1 preparado para transformar o conhecimento de sala de aula em impacto real para o mercado local no segundo semestre de 2026?<\/p>\n\n\n\n<p class=\"wp-block-paragraph\">Est\u00e3o abertas de 13 a 15\/06 as matr\u00edculas para a disciplina <strong>SAOP59 \u2013 Laborat\u00f3rio Extensionista: Implementa\u00e7\u00e3o e Controle Estrat\u00e9gicos<\/strong> (60h). Esta disciplina oferece uma oportunidade \u00fanica de atuar como consultor estrat\u00e9gico, desenvolvendo solu\u00e7\u00f5es pr\u00e1ticas de gest\u00e3o e gerando transforma\u00e7\u00e3o social.<\/p>\n\n\n\n<p class=\"wp-block-paragraph\">Neste semestre, contaremos com duas turmas lideradas por docentes do Departamento de Administra\u00e7\u00e3o Geral e Aplicada (DAGA)<sup><\/sup>:<\/p>\n\n\n\n<ul class=\"wp-block-list\">\n<li><strong>Profa. Iomara Scandelari Lemos<\/strong><\/li>\n\n\n\n<li><strong>Prof. Sammuel Felipe Chagas de Souza<\/strong><\/li>\n<\/ul>\n\n\n\n<h3 class=\"wp-block-heading\">\ud83e\udd1d Teremos uma parceria de peso: GESTEX + CONECTE-SE<\/h3>\n\n\n\n<p class=\"wp-block-paragraph\">O grande diferencial desta disciplina \u00e9 a sua metodologia ativa e o seu DNA extensionista, viabilizado por meio de uma coopera\u00e7\u00e3o estrat\u00e9gica entre dois projetos da UFPR:<\/p>\n\n\n\n<ul class=\"wp-block-list\">\n<li><strong>Projeto GESTEX:<\/strong> Os estudantes realizar\u00e3o aproxima\u00e7\u00f5es diretas com o ecossistema empresarial local, conduzindo entrevistas estruturadas com propriet\u00e1rios e gestores sobre competitividade, governan\u00e7a, riscos, desenvolvimento organizacional e outros temas estrat\u00e9gicos. O GESTEX tamb\u00e9m liderar\u00e1 a realiza\u00e7\u00e3o de pain\u00e9is e debates dial\u00f3gicos unindo empres\u00e1rios e a comunidade acad\u00eamica.<\/li>\n\n\n\n<li><strong>Projeto CONECTE-SE:<\/strong> A intelig\u00eancia estrat\u00e9gica e as solu\u00e7\u00f5es geradas pelos alunos ser\u00e3o consolidadas na forma de v\u00eddeos educativos e de compartilhamento de tecnologias de gest\u00e3o, que ser\u00e3o divulgados diretamente para a comunidade empresarial.<\/li>\n<\/ul>\n\n\n\n<h3 class=\"wp-block-heading\">\ud83c\udfaf O que voc\u00ea vai aprender e aplicar na pr\u00e1tica?<\/h3>\n\n\n\n<p class=\"wp-block-paragraph\">A disciplina \u00e9 focada em fazer a estrat\u00e9gia acontecer e monitorar os seus resultados<sup><\/sup>. Ao longo do per\u00edodo letivo, voc\u00ea vai trabalhar com t\u00f3picos essenciais como<sup><\/sup>:<\/p>\n\n\n\n<ol start=\"1\" class=\"wp-block-list\">\n<li><strong>Processos e Ferramentas de Apoio:<\/strong> Governan\u00e7a, <em>compliance<\/em>, gest\u00e3o de riscos, sustentabilidade e gest\u00e3o do conhecimento.<\/li>\n\n\n\n<li><strong>Estrat\u00e9gias em N\u00edvel de Neg\u00f3cio:<\/strong> Lideran\u00e7a em custo, diferencia\u00e7\u00e3o, foco e h\u00edbrida.<\/li>\n\n\n\n<li><strong>Estrat\u00e9gias em N\u00edvel Corporativo:<\/strong> Integra\u00e7\u00e3o, diversifica\u00e7\u00e3o, alian\u00e7as, fus\u00f5es e aquisi\u00e7\u00f5es.<\/li>\n\n\n\n<li><strong>Controle Estrat\u00e9gico:<\/strong> Cria\u00e7\u00e3o e monitoramento de indicadores de desempenho (KPIs) e tomada de decis\u00e3o baseada em dados.<\/li>\n<\/ol>\n\n\n\n<h3 class=\"wp-block-heading\">\ud83d\udee0\ufe0f Metodologia Ativa: Do Diagn\u00f3stico \u00e0 Interven\u00e7\u00e3o<\/h3>\n\n\n\n<p class=\"wp-block-paragraph\">Esque\u00e7a as aulas puramente te\u00f3ricas. A metodologia do Laborat\u00f3rio Extensionista divide-se em etapas din\u00e2micas de consultoria real<sup><\/sup>:<\/p>\n\n\n\n<ul class=\"wp-block-list\">\n<li><strong>Busca e Sele\u00e7\u00e3o de Empresas<\/strong> do mercado real.<\/li>\n\n\n\n<li><strong>Documenta\u00e7\u00e3o e An\u00e1lise<\/strong> dos desafios observados.<\/li>\n\n\n\n<li><strong>Proposta de Interven\u00e7\u00e3o<\/strong> com melhorias pr\u00e1ticas e gera\u00e7\u00e3o de valor competitivo.<\/li>\n\n\n\n<li><strong>Entrevistas <\/strong>gravadas e <strong>eventos <\/strong>dial\u00f3gicos com gestores.<\/li>\n<\/ul>\n\n\n\n<h3 class=\"wp-block-heading\">\ud83d\udcc5 Garanta sua vaga!<\/h3>\n\n\n\n<p class=\"wp-block-paragraph\">Se voc\u00ea busca uma forma\u00e7\u00e3o diferenciada, networking com empres\u00e1rios reais e quer ver seu trabalho acad\u00eamico gerando desenvolvimento econ\u00f4mico e social, essa disciplina \u00e9 para voc\u00ea<sup><\/sup>!<\/p>\n\n\n\n<ul class=\"wp-block-list\">\n<li><strong>C\u00f3digo da Disciplina:<\/strong> SAOP59<\/li>\n\n\n\n<li><strong>Carga Hor\u00e1ria:<\/strong> 60h extensionistas.<\/li>\n<\/ul>\n\n\n\n<p class=\"wp-block-paragraph\">Fique atento aos prazos de matr\u00edcula da UFPR e garanta a sua vaga em uma das turmas!<\/p>\n\n\n\n<p class=\"wp-block-paragraph\"><\/p>\n\n\n\n<p class=\"wp-block-paragraph\"><strong>Projeto de Extens\u00e3o GESTEX \u2013 UFPR\/DAGA<\/strong><\/p>\n\n\n\n<p class=\"wp-block-paragraph\"><em>Conectando o ensino de excel\u00eancia aos desafios pr\u00e1ticos das organiza\u00e7\u00f5es.<\/em><\/p>\n\n\n\n<p class=\"wp-block-paragraph\"><\/p>\n","protected":false},"excerpt":{"rendered":"<p>Est\u00e3o abertas as inscri\u00e7\u00f5es para a disciplina SAOP59 \u2013 Laborat\u00f3rio Extensionista: Implementa\u00e7\u00e3o e Controle Estrat\u00e9gicos (60h), ofertada pelas turmas dos professores Iomara Lemos e Sammuel Souza. Conectada diretamente aos projetos de extens\u00e3o GESTEX e CONECTE-SE, a mat\u00e9ria utiliza uma metodologia ativa onde os estudantes atuam como consultores no mercado real, realizando diagn\u00f3sticos, propostas de interven\u00e7\u00e3o e entrevistas com empres\u00e1rios locais para debater governan\u00e7a, indicadores e estrat\u00e9gias de neg\u00f3cios. Garanta sua vaga pelo sistema de matr\u00edculas da UFPR!<\/p>\n","protected":false},"author":123,"featured_media":669,"comment_status":"open","ping_status":"open","sticky":false,"template":"","format":"standard","meta":{"footnotes":""},"categories":[19],"tags":[27,24,30],"class_list":["post-667","post","type-post","status-publish","format-standard","has-post-thumbnail","hentry","category-inscricoes","tag-disciplina","tag-inscricoes","tag-laboratorio-extensionista"],"_links":{"self":[{"href":"https:\/\/projetos.ufpr.br\/gestex\/wp-json\/wp\/v2\/posts\/667","targetHints":{"allow":["GET"]}}],"collection":[{"href":"https:\/\/projetos.ufpr.br\/gestex\/wp-json\/wp\/v2\/posts"}],"about":[{"href":"https:\/\/projetos.ufpr.br\/gestex\/wp-json\/wp\/v2\/types\/post"}],"author":[{"embeddable":true,"href":"https:\/\/projetos.ufpr.br\/gestex\/wp-json\/wp\/v2\/users\/123"}],"replies":[{"embeddable":true,"href":"https:\/\/projetos.ufpr.br\/gestex\/wp-json\/wp\/v2\/comments?post=667"}],"version-history":[{"count":3,"href":"https:\/\/projetos.ufpr.br\/gestex\/wp-json\/wp\/v2\/posts\/667\/revisions"}],"predecessor-version":[{"id":676,"href":"https:\/\/projetos.ufpr.br\/gestex\/wp-json\/wp\/v2\/posts\/667\/revisions\/676"}],"wp:featuredmedia":[{"embeddable":true,"href":"https:\/\/projetos.ufpr.br\/gestex\/wp-json\/wp\/v2\/media\/669"}],"wp:attachment":[{"href":"https:\/\/projetos.ufpr.br\/gestex\/wp-json\/wp\/v2\/media?parent=667"}],"wp:term":[{"taxonomy":"category","embeddable":true,"href":"https:\/\/projetos.ufpr.br\/gestex\/wp-json\/wp\/v2\/categories?post=667"},{"taxonomy":"post_tag","embeddable":true,"href":"https:\/\/projetos.ufpr.br\/gestex\/wp-json\/wp\/v2\/tags?post=667"}],"curies":[{"name":"wp","href":"https:\/\/api.w.org\/{rel}","templated":true}]}}