{"id":1,"date":"2026-08-04T09:36:46","date_gmt":"2026-08-04T12:36:46","guid":{"rendered":"https:\/\/projetos.ufpr.br\/protecaoanimal\/?p=1"},"modified":"2026-08-04T10:25:13","modified_gmt":"2026-08-04T13:25:13","slug":"jujucao","status":"publish","type":"post","link":"https:\/\/projetos.ufpr.br\/protecaoanimal\/2026\/08\/04\/jujucao\/","title":{"rendered":"Primeira feira de ado\u00e7\u00e3o \u00e9 cadastrada no Patas &amp; M\u00e3os"},"content":{"rendered":"<p class=\"font-claude-response-body break-words whitespace-normal\" dir=\"ltr\">A plataforma <strong>Patas &amp; M\u00e3os<\/strong> (<a href=\"http:\/\/patasemaos.com.br\">patasemaos.com.br<\/a>), desenvolvida pelo projeto Economia da Prote\u00e7\u00e3o Animal e Cidades Sustent\u00e1veis, entrou na fase de testes e j\u00e1 recebeu sua primeira feira de ado\u00e7\u00e3o. O cadastro marca o in\u00edcio do uso da plataforma, criada para aproximar protetoras, ONGs e volunt\u00e1rios da causa animal em Curitiba.<\/p>\n<p class=\"font-claude-response-body break-words whitespace-normal\" dir=\"ltr\">A primeira feira cadastrada foi a <strong>Feira de Ado\u00e7\u00e3o Jujuc\u00e3o<\/strong>, que acontecer\u00e1 no dia <strong>8 de agosto de 2026<\/strong>, no Centro C\u00edvico, em Curitiba. Al\u00e9m de conhecer os animais dispon\u00edveis para ado\u00e7\u00e3o, a comunidade tamb\u00e9m pode participar como volunt\u00e1ria, auxiliando na organiza\u00e7\u00e3o do evento, nos cuidados com os animais e na desmontagem das baias ao final da feira.<\/p>\n<p class=\"font-claude-response-body break-words whitespace-normal\" dir=\"ltr\">Quem tiver interesse em ajudar \u00e9 convidado a participar dessa primeira experi\u00eancia do Patas &amp; M\u00e3os e contribuir com a causa animal.<\/p>\n<p class=\"font-claude-response-body break-words whitespace-normal\" dir=\"ltr\">\ud83d\udd17 <strong>Acesse a feira:<\/strong> <a href=\"https:\/\/docs.google.com\/forms\/d\/e\/1FAIpQLSc3DythiZjSaRJV4Yp8TFCTtwD5IkpnaypcfaGJs-sTeX9QFw\/viewform\">[quero ser volunt\u00e1rio nesta feira]<\/a><br \/>\ud83d\ude4b <strong>Inscreva-se como volunt\u00e1rio:<\/strong> [<a href=\"https:\/\/docs.google.com\/forms\/d\/e\/1FAIpQLSfs2RlRlwkFy0m73iPc8Nt2GHfYXIFmYBef1vf-Atim2ECyBw\/viewform\">quero ser volunt\u00e1rio<\/a>]<\/p>\n<p class=\"font-claude-response-body break-words whitespace-normal\" dir=\"ltr\"><em>Por Jo\u00e3o Victor Leal de \u00c1vila \ud83d\udc3e<\/em><\/p>\n\n<div class=\"wp-block-post-date__modified-date wp-block-post-date\"><time datetime=\"2026-08-04T09:36:46-03:00\">4 de agosto de 2026<\/time><\/div>\n\n\n<p class=\"wp-block-paragraph\"><\/p>\n\n\n\n<p class=\"wp-block-paragraph\"><\/p>\n\n\n\n<p class=\"wp-block-paragraph\"><\/p>\n\n\n\n<p class=\"wp-block-paragraph\"><\/p>\n","protected":false},"excerpt":{"rendered":"<p>A plataforma Patas &amp; M\u00e3os (patasemaos.com.br), desenvolvida pelo projeto Economia da Prote\u00e7\u00e3o Animal e Cidades Sustent\u00e1veis, entrou na fase de testes e j\u00e1 recebeu sua primeira feira de ado\u00e7\u00e3o. O cadastro marca o in\u00edcio do uso da plataforma, criada para aproximar protetoras, ONGs e volunt\u00e1rios da causa animal em Curitiba. A primeira feira cadastrada foi [&hellip;]<\/p>\n","protected":false},"author":178,"featured_media":0,"comment_status":"open","ping_status":"open","sticky":false,"template":"","format":"standard","meta":{"footnotes":""},"categories":[1],"tags":[],"class_list":["post-1","post","type-post","status-publish","format-standard","hentry","category-sem-categoria"],"_links":{"self":[{"href":"https:\/\/projetos.ufpr.br\/protecaoanimal\/wp-json\/wp\/v2\/posts\/1","targetHints":{"allow":["GET"]}}],"collection":[{"href":"https:\/\/projetos.ufpr.br\/protecaoanimal\/wp-json\/wp\/v2\/posts"}],"about":[{"href":"https:\/\/projetos.ufpr.br\/protecaoanimal\/wp-json\/wp\/v2\/types\/post"}],"author":[{"embeddable":true,"href":"https:\/\/projetos.ufpr.br\/protecaoanimal\/wp-json\/wp\/v2\/users\/178"}],"replies":[{"embeddable":true,"href":"https:\/\/projetos.ufpr.br\/protecaoanimal\/wp-json\/wp\/v2\/comments?post=1"}],"version-history":[{"count":9,"href":"https:\/\/projetos.ufpr.br\/protecaoanimal\/wp-json\/wp\/v2\/posts\/1\/revisions"}],"predecessor-version":[{"id":444,"href":"https:\/\/projetos.ufpr.br\/protecaoanimal\/wp-json\/wp\/v2\/posts\/1\/revisions\/444"}],"wp:attachment":[{"href":"https:\/\/projetos.ufpr.br\/protecaoanimal\/wp-json\/wp\/v2\/media?parent=1"}],"wp:term":[{"taxonomy":"category","embeddable":true,"href":"https:\/\/projetos.ufpr.br\/protecaoanimal\/wp-json\/wp\/v2\/categories?post=1"},{"taxonomy":"post_tag","embeddable":true,"href":"https:\/\/projetos.ufpr.br\/protecaoanimal\/wp-json\/wp\/v2\/tags?post=1"}],"curies":[{"name":"wp","href":"https:\/\/api.w.org\/{rel}","templated":true}]}}